{"id":1836,"date":"2026-05-01T11:44:06","date_gmt":"2026-05-01T14:44:06","guid":{"rendered":"https:\/\/diversoclassificados.com\/?p=1836"},"modified":"2026-05-01T11:45:41","modified_gmt":"2026-05-01T14:45:41","slug":"ge","status":"publish","type":"post","link":"https:\/\/diversoclassificados.com\/?p=1836","title":{"rendered":"Gera\u00e7\u00e3o nem-nem no Brasil. Nosso pa\u00eds possui altos \u00edndices de jovens que n\u00e3o trabalham e nem estudam"},"content":{"rendered":"\n<p>Voc\u00ea j\u00e1 ouviu falar na gera\u00e7\u00e3o nem-nem? Este termo \u00e9 usado para designar jovens entre 18 e 24 anos que n\u00e3o estudam e nem trabalham. As causas desse fato s\u00e3o variadas: gravidez precoce, desinteresse pelos estudos e trabalho, problemas sociais e psicol\u00f3gicos, falta de recursos financeiros, etc.<br>Jovens nessa condi\u00e7\u00e3o s\u00e3o improdutivos para si mesmos, para a fam\u00edlia e para a sociedade. Muitos deles n\u00e3o tem \u00e2nimo para sair de casa e enfrentar a vida e, para fazer isso, precisam de recursos financeiros e habilidades sociais.<br>De acordo com o Instituto Brasileiro de Geografia e Estat\u00edstica (IBGE), esse n\u00famero chega a 10,9 milh\u00f5es de jovens brasileiros, representando 22,3% da popula\u00e7\u00e3o brasileira.<br>\u00c9 poss\u00edvel encontrar pessoas nessa condi\u00e7\u00e3o at\u00e9 mesmo na faixa dos 30 anos.<br>As consequ\u00eancias desse n\u00famero t\u00e3o alto s\u00e3o grandes e diversas. Pessoas nessa situa\u00e7\u00e3o podem desenvolver depress\u00e3o e ansiedade, al\u00e9m de n\u00e3o conseguirem firmar uma vida social equilibrada, j\u00e1 que a falta de condi\u00e7\u00f5es financeiras impossibilita a manuten\u00e7\u00e3o de uma fam\u00edlia e de relacionamentos amorosos. A economia, por sua vez, perde uma grande quantia de dinheiro que poderia estar em circula\u00e7\u00e3o.<br>Por outro lado, a exist\u00eancia da gera\u00e7\u00e3o nem-nem tamb\u00e9m se deve ao fato de os jovens ficarem desanimados diante de oportunidades de emprego com baixos sal\u00e1rios combinados com muita exig\u00eancia, al\u00e9m de p\u00e9ssimas condi\u00e7\u00f5es de trabalho.<br>Por\u00e9m, \u00e9 poss\u00edvel encontrar solu\u00e7\u00f5es para esse problema. Algumas delas s\u00e3o: programas governamentais e leis que possam diminuir as desigualdades sociais e a falta de oportunidades de trabalho, investimentos na \u00e1rea da educa\u00e7\u00e3o, programas sociais de educa\u00e7\u00e3o que conscientizem as adolescentes quanto ao risco de gravidez precoce, programas de est\u00e1gio, programas de assist\u00eancia social, reformas na economia que possam gerar mais vagas de emprego, reformas trabalhistas e mais acessibilidade para crian\u00e7as se matricularem em creches.<\/p>\n","protected":false},"excerpt":{"rendered":"<p>Voc\u00ea j\u00e1 ouviu falar na gera\u00e7\u00e3o nem-nem? Este termo \u00e9 usado para designar jovens entre 18 e 24 anos que n\u00e3o estudam e nem trabalham. As causas desse fato s\u00e3o variadas: gravidez precoce, desinteresse pelos estudos e trabalho, problemas sociais e psicol\u00f3gicos, falta de recursos financeiros, etc.Jovens nessa condi\u00e7\u00e3o s\u00e3o improdutivos para si mesmos, para [&hellip;]<\/p>\n","protected":false},"author":1,"featured_media":1029,"comment_status":"open","ping_status":"open","sticky":false,"template":"","format":"standard","meta":{"footnotes":""},"categories":[1],"tags":[],"class_list":["post-1836","post","type-post","status-publish","format-standard","has-post-thumbnail","hentry","category-blog"],"yoast_head":"<!-- This site is optimized with the Yoast SEO plugin v27.5 - https:\/\/yoast.com\/product\/yoast-seo-wordpress\/ -->\n<title>Gera\u00e7\u00e3o nem-nem no Brasil. Nosso pa\u00eds possui altos \u00edndices de jovens que n\u00e3o trabalham e nem estudam - Diversoclassificados<\/title>\n<meta name=\"robots\" content=\"index, follow, max-snippet:-1, max-image-preview:large, max-video-preview:-1\" \/>\n<link rel=\"canonical\" href=\"https:\/\/diversoclassificados.com\/?p=1836\" \/>\n<meta property=\"og:locale\" content=\"pt_BR\" \/>\n<meta property=\"og:type\" content=\"article\" \/>\n<meta property=\"og:title\" content=\"Gera\u00e7\u00e3o nem-nem no Brasil. Nosso pa\u00eds possui altos \u00edndices de jovens que n\u00e3o trabalham e nem estudam - Diversoclassificados\" \/>\n<meta property=\"og:description\" content=\"Voc\u00ea j\u00e1 ouviu falar na gera\u00e7\u00e3o nem-nem? Este termo \u00e9 usado para designar jovens entre 18 e 24 anos que n\u00e3o estudam e nem trabalham. As causas desse fato s\u00e3o variadas: gravidez precoce, desinteresse pelos estudos e trabalho, problemas sociais e psicol\u00f3gicos, falta de recursos financeiros, etc.Jovens nessa condi\u00e7\u00e3o s\u00e3o improdutivos para si mesmos, para [&hellip;]\" \/>\n<meta property=\"og:url\" content=\"https:\/\/diversoclassificados.com\/?p=1836\" \/>\n<meta property=\"og:site_name\" content=\"Diversoclassificados\" \/>\n<meta property=\"article:published_time\" content=\"2026-05-01T14:44:06+00:00\" \/>\n<meta property=\"article:modified_time\" content=\"2026-05-01T14:45:41+00:00\" \/>\n<meta property=\"og:image\" content=\"http:\/\/diversoclassificados.com\/wp-content\/uploads\/2024\/09\/52dcb7f692e821f6c30f3bffdddea556.png\" \/>\n\t<meta property=\"og:image:width\" content=\"800\" \/>\n\t<meta property=\"og:image:height\" content=\"450\" \/>\n\t<meta property=\"og:image:type\" content=\"image\/png\" \/>\n<meta name=\"author\" content=\"Webmaster\" \/>\n<meta name=\"twitter:card\" content=\"summary_large_image\" \/>\n<meta name=\"twitter:label1\" content=\"Escrito por\" \/>\n\t<meta name=\"twitter:data1\" content=\"Webmaster\" \/>\n\t<meta name=\"twitter:label2\" content=\"Est. tempo de leitura\" \/>\n\t<meta name=\"twitter:data2\" content=\"2 minutos\" \/>\n<script type=\"application\/ld+json\" class=\"yoast-schema-graph\">{\"@context\":\"https:\\\/\\\/schema.org\",\"@graph\":[{\"@type\":\"Article\",\"@id\":\"https:\\\/\\\/diversoclassificados.com\\\/?p=1836#article\",\"isPartOf\":{\"@id\":\"https:\\\/\\\/diversoclassificados.com\\\/?p=1836\"},\"author\":{\"name\":\"Webmaster\",\"@id\":\"https:\\\/\\\/diversoclassificados.com\\\/#\\\/schema\\\/person\\\/30c920ced2ba356d433421a17ee88617\"},\"headline\":\"Gera\u00e7\u00e3o nem-nem no Brasil. Nosso pa\u00eds possui altos \u00edndices de jovens que n\u00e3o trabalham e nem estudam\",\"datePublished\":\"2026-05-01T14:44:06+00:00\",\"dateModified\":\"2026-05-01T14:45:41+00:00\",\"mainEntityOfPage\":{\"@id\":\"https:\\\/\\\/diversoclassificados.com\\\/?p=1836\"},\"wordCount\":350,\"commentCount\":0,\"publisher\":{\"@id\":\"https:\\\/\\\/diversoclassificados.com\\\/#organization\"},\"image\":{\"@id\":\"https:\\\/\\\/diversoclassificados.com\\\/?p=1836#primaryimage\"},\"thumbnailUrl\":\"https:\\\/\\\/diversoclassificados.com\\\/wp-content\\\/uploads\\\/2024\\\/09\\\/52dcb7f692e821f6c30f3bffdddea556.png\",\"articleSection\":[\"Blog\"],\"inLanguage\":\"pt-BR\",\"potentialAction\":[{\"@type\":\"CommentAction\",\"name\":\"Comment\",\"target\":[\"https:\\\/\\\/diversoclassificados.com\\\/?p=1836#respond\"]}]},{\"@type\":\"WebPage\",\"@id\":\"https:\\\/\\\/diversoclassificados.com\\\/?p=1836\",\"url\":\"https:\\\/\\\/diversoclassificados.com\\\/?p=1836\",\"name\":\"Gera\u00e7\u00e3o nem-nem no Brasil. Nosso pa\u00eds possui altos \u00edndices de jovens que n\u00e3o trabalham e nem estudam - Diversoclassificados\",\"isPartOf\":{\"@id\":\"https:\\\/\\\/diversoclassificados.com\\\/#website\"},\"primaryImageOfPage\":{\"@id\":\"https:\\\/\\\/diversoclassificados.com\\\/?p=1836#primaryimage\"},\"image\":{\"@id\":\"https:\\\/\\\/diversoclassificados.com\\\/?p=1836#primaryimage\"},\"thumbnailUrl\":\"https:\\\/\\\/diversoclassificados.com\\\/wp-content\\\/uploads\\\/2024\\\/09\\\/52dcb7f692e821f6c30f3bffdddea556.png\",\"datePublished\":\"2026-05-01T14:44:06+00:00\",\"dateModified\":\"2026-05-01T14:45:41+00:00\",\"breadcrumb\":{\"@id\":\"https:\\\/\\\/diversoclassificados.com\\\/?p=1836#breadcrumb\"},\"inLanguage\":\"pt-BR\",\"potentialAction\":[{\"@type\":\"ReadAction\",\"target\":[\"https:\\\/\\\/diversoclassificados.com\\\/?p=1836\"]}]},{\"@type\":\"ImageObject\",\"inLanguage\":\"pt-BR\",\"@id\":\"https:\\\/\\\/diversoclassificados.com\\\/?p=1836#primaryimage\",\"url\":\"https:\\\/\\\/diversoclassificados.com\\\/wp-content\\\/uploads\\\/2024\\\/09\\\/52dcb7f692e821f6c30f3bffdddea556.png\",\"contentUrl\":\"https:\\\/\\\/diversoclassificados.com\\\/wp-content\\\/uploads\\\/2024\\\/09\\\/52dcb7f692e821f6c30f3bffdddea556.png\",\"width\":800,\"height\":450},{\"@type\":\"BreadcrumbList\",\"@id\":\"https:\\\/\\\/diversoclassificados.com\\\/?p=1836#breadcrumb\",\"itemListElement\":[{\"@type\":\"ListItem\",\"position\":1,\"name\":\"In\u00edcio\",\"item\":\"https:\\\/\\\/diversoclassificados.com\\\/\"},{\"@type\":\"ListItem\",\"position\":2,\"name\":\"Gera\u00e7\u00e3o nem-nem no Brasil. Nosso pa\u00eds possui altos \u00edndices de jovens que n\u00e3o trabalham e nem estudam\"}]},{\"@type\":\"WebSite\",\"@id\":\"https:\\\/\\\/diversoclassificados.com\\\/#website\",\"url\":\"https:\\\/\\\/diversoclassificados.com\\\/\",\"name\":\"Diversoclassificados\",\"description\":\"\",\"publisher\":{\"@id\":\"https:\\\/\\\/diversoclassificados.com\\\/#organization\"},\"potentialAction\":[{\"@type\":\"SearchAction\",\"target\":{\"@type\":\"EntryPoint\",\"urlTemplate\":\"https:\\\/\\\/diversoclassificados.com\\\/?s={search_term_string}\"},\"query-input\":{\"@type\":\"PropertyValueSpecification\",\"valueRequired\":true,\"valueName\":\"search_term_string\"}}],\"inLanguage\":\"pt-BR\"},{\"@type\":\"Organization\",\"@id\":\"https:\\\/\\\/diversoclassificados.com\\\/#organization\",\"name\":\"Diversoclassificados\",\"url\":\"https:\\\/\\\/diversoclassificados.com\\\/\",\"logo\":{\"@type\":\"ImageObject\",\"inLanguage\":\"pt-BR\",\"@id\":\"https:\\\/\\\/diversoclassificados.com\\\/#\\\/schema\\\/logo\\\/image\\\/\",\"url\":\"https:\\\/\\\/diversoclassificados.com\\\/wp-content\\\/uploads\\\/2024\\\/07\\\/cropped-3-1.png\",\"contentUrl\":\"https:\\\/\\\/diversoclassificados.com\\\/wp-content\\\/uploads\\\/2024\\\/07\\\/cropped-3-1.png\",\"width\":234,\"height\":100,\"caption\":\"Diversoclassificados\"},\"image\":{\"@id\":\"https:\\\/\\\/diversoclassificados.com\\\/#\\\/schema\\\/logo\\\/image\\\/\"}},{\"@type\":\"Person\",\"@id\":\"https:\\\/\\\/diversoclassificados.com\\\/#\\\/schema\\\/person\\\/30c920ced2ba356d433421a17ee88617\",\"name\":\"Webmaster\",\"image\":{\"@type\":\"ImageObject\",\"inLanguage\":\"pt-BR\",\"@id\":\"https:\\\/\\\/secure.gravatar.com\\\/avatar\\\/a6e6ffbfce7ee468580921a3fc47e00ee8c6ac5cc4debbbf3a34fa95c4df17e3?s=96&d=mm&r=g\",\"url\":\"https:\\\/\\\/secure.gravatar.com\\\/avatar\\\/a6e6ffbfce7ee468580921a3fc47e00ee8c6ac5cc4debbbf3a34fa95c4df17e3?s=96&d=mm&r=g\",\"contentUrl\":\"https:\\\/\\\/secure.gravatar.com\\\/avatar\\\/a6e6ffbfce7ee468580921a3fc47e00ee8c6ac5cc4debbbf3a34fa95c4df17e3?s=96&d=mm&r=g\",\"caption\":\"Webmaster\"},\"sameAs\":[\"http:\\\/\\\/diversoclassificados.com\"],\"url\":\"https:\\\/\\\/diversoclassificados.com\\\/?author=1\"}]}<\/script>\n<!-- \/ Yoast SEO plugin. -->","yoast_head_json":{"title":"Gera\u00e7\u00e3o nem-nem no Brasil. Nosso pa\u00eds possui altos \u00edndices de jovens que n\u00e3o trabalham e nem estudam - Diversoclassificados","robots":{"index":"index","follow":"follow","max-snippet":"max-snippet:-1","max-image-preview":"max-image-preview:large","max-video-preview":"max-video-preview:-1"},"canonical":"https:\/\/diversoclassificados.com\/?p=1836","og_locale":"pt_BR","og_type":"article","og_title":"Gera\u00e7\u00e3o nem-nem no Brasil. Nosso pa\u00eds possui altos \u00edndices de jovens que n\u00e3o trabalham e nem estudam - Diversoclassificados","og_description":"Voc\u00ea j\u00e1 ouviu falar na gera\u00e7\u00e3o nem-nem? Este termo \u00e9 usado para designar jovens entre 18 e 24 anos que n\u00e3o estudam e nem trabalham. As causas desse fato s\u00e3o variadas: gravidez precoce, desinteresse pelos estudos e trabalho, problemas sociais e psicol\u00f3gicos, falta de recursos financeiros, etc.Jovens nessa condi\u00e7\u00e3o s\u00e3o improdutivos para si mesmos, para [&hellip;]","og_url":"https:\/\/diversoclassificados.com\/?p=1836","og_site_name":"Diversoclassificados","article_published_time":"2026-05-01T14:44:06+00:00","article_modified_time":"2026-05-01T14:45:41+00:00","og_image":[{"width":800,"height":450,"url":"http:\/\/diversoclassificados.com\/wp-content\/uploads\/2024\/09\/52dcb7f692e821f6c30f3bffdddea556.png","type":"image\/png"}],"author":"Webmaster","twitter_card":"summary_large_image","twitter_misc":{"Escrito por":"Webmaster","Est. tempo de leitura":"2 minutos"},"schema":{"@context":"https:\/\/schema.org","@graph":[{"@type":"Article","@id":"https:\/\/diversoclassificados.com\/?p=1836#article","isPartOf":{"@id":"https:\/\/diversoclassificados.com\/?p=1836"},"author":{"name":"Webmaster","@id":"https:\/\/diversoclassificados.com\/#\/schema\/person\/30c920ced2ba356d433421a17ee88617"},"headline":"Gera\u00e7\u00e3o nem-nem no Brasil. Nosso pa\u00eds possui altos \u00edndices de jovens que n\u00e3o trabalham e nem estudam","datePublished":"2026-05-01T14:44:06+00:00","dateModified":"2026-05-01T14:45:41+00:00","mainEntityOfPage":{"@id":"https:\/\/diversoclassificados.com\/?p=1836"},"wordCount":350,"commentCount":0,"publisher":{"@id":"https:\/\/diversoclassificados.com\/#organization"},"image":{"@id":"https:\/\/diversoclassificados.com\/?p=1836#primaryimage"},"thumbnailUrl":"https:\/\/diversoclassificados.com\/wp-content\/uploads\/2024\/09\/52dcb7f692e821f6c30f3bffdddea556.png","articleSection":["Blog"],"inLanguage":"pt-BR","potentialAction":[{"@type":"CommentAction","name":"Comment","target":["https:\/\/diversoclassificados.com\/?p=1836#respond"]}]},{"@type":"WebPage","@id":"https:\/\/diversoclassificados.com\/?p=1836","url":"https:\/\/diversoclassificados.com\/?p=1836","name":"Gera\u00e7\u00e3o nem-nem no Brasil. Nosso pa\u00eds possui altos \u00edndices de jovens que n\u00e3o trabalham e nem estudam - Diversoclassificados","isPartOf":{"@id":"https:\/\/diversoclassificados.com\/#website"},"primaryImageOfPage":{"@id":"https:\/\/diversoclassificados.com\/?p=1836#primaryimage"},"image":{"@id":"https:\/\/diversoclassificados.com\/?p=1836#primaryimage"},"thumbnailUrl":"https:\/\/diversoclassificados.com\/wp-content\/uploads\/2024\/09\/52dcb7f692e821f6c30f3bffdddea556.png","datePublished":"2026-05-01T14:44:06+00:00","dateModified":"2026-05-01T14:45:41+00:00","breadcrumb":{"@id":"https:\/\/diversoclassificados.com\/?p=1836#breadcrumb"},"inLanguage":"pt-BR","potentialAction":[{"@type":"ReadAction","target":["https:\/\/diversoclassificados.com\/?p=1836"]}]},{"@type":"ImageObject","inLanguage":"pt-BR","@id":"https:\/\/diversoclassificados.com\/?p=1836#primaryimage","url":"https:\/\/diversoclassificados.com\/wp-content\/uploads\/2024\/09\/52dcb7f692e821f6c30f3bffdddea556.png","contentUrl":"https:\/\/diversoclassificados.com\/wp-content\/uploads\/2024\/09\/52dcb7f692e821f6c30f3bffdddea556.png","width":800,"height":450},{"@type":"BreadcrumbList","@id":"https:\/\/diversoclassificados.com\/?p=1836#breadcrumb","itemListElement":[{"@type":"ListItem","position":1,"name":"In\u00edcio","item":"https:\/\/diversoclassificados.com\/"},{"@type":"ListItem","position":2,"name":"Gera\u00e7\u00e3o nem-nem no Brasil. Nosso pa\u00eds possui altos \u00edndices de jovens que n\u00e3o trabalham e nem estudam"}]},{"@type":"WebSite","@id":"https:\/\/diversoclassificados.com\/#website","url":"https:\/\/diversoclassificados.com\/","name":"Diversoclassificados","description":"","publisher":{"@id":"https:\/\/diversoclassificados.com\/#organization"},"potentialAction":[{"@type":"SearchAction","target":{"@type":"EntryPoint","urlTemplate":"https:\/\/diversoclassificados.com\/?s={search_term_string}"},"query-input":{"@type":"PropertyValueSpecification","valueRequired":true,"valueName":"search_term_string"}}],"inLanguage":"pt-BR"},{"@type":"Organization","@id":"https:\/\/diversoclassificados.com\/#organization","name":"Diversoclassificados","url":"https:\/\/diversoclassificados.com\/","logo":{"@type":"ImageObject","inLanguage":"pt-BR","@id":"https:\/\/diversoclassificados.com\/#\/schema\/logo\/image\/","url":"https:\/\/diversoclassificados.com\/wp-content\/uploads\/2024\/07\/cropped-3-1.png","contentUrl":"https:\/\/diversoclassificados.com\/wp-content\/uploads\/2024\/07\/cropped-3-1.png","width":234,"height":100,"caption":"Diversoclassificados"},"image":{"@id":"https:\/\/diversoclassificados.com\/#\/schema\/logo\/image\/"}},{"@type":"Person","@id":"https:\/\/diversoclassificados.com\/#\/schema\/person\/30c920ced2ba356d433421a17ee88617","name":"Webmaster","image":{"@type":"ImageObject","inLanguage":"pt-BR","@id":"https:\/\/secure.gravatar.com\/avatar\/a6e6ffbfce7ee468580921a3fc47e00ee8c6ac5cc4debbbf3a34fa95c4df17e3?s=96&d=mm&r=g","url":"https:\/\/secure.gravatar.com\/avatar\/a6e6ffbfce7ee468580921a3fc47e00ee8c6ac5cc4debbbf3a34fa95c4df17e3?s=96&d=mm&r=g","contentUrl":"https:\/\/secure.gravatar.com\/avatar\/a6e6ffbfce7ee468580921a3fc47e00ee8c6ac5cc4debbbf3a34fa95c4df17e3?s=96&d=mm&r=g","caption":"Webmaster"},"sameAs":["http:\/\/diversoclassificados.com"],"url":"https:\/\/diversoclassificados.com\/?author=1"}]}},"_links":{"self":[{"href":"https:\/\/diversoclassificados.com\/index.php?rest_route=\/wp\/v2\/posts\/1836","targetHints":{"allow":["GET"]}}],"collection":[{"href":"https:\/\/diversoclassificados.com\/index.php?rest_route=\/wp\/v2\/posts"}],"about":[{"href":"https:\/\/diversoclassificados.com\/index.php?rest_route=\/wp\/v2\/types\/post"}],"author":[{"embeddable":true,"href":"https:\/\/diversoclassificados.com\/index.php?rest_route=\/wp\/v2\/users\/1"}],"replies":[{"embeddable":true,"href":"https:\/\/diversoclassificados.com\/index.php?rest_route=%2Fwp%2Fv2%2Fcomments&post=1836"}],"version-history":[{"count":2,"href":"https:\/\/diversoclassificados.com\/index.php?rest_route=\/wp\/v2\/posts\/1836\/revisions"}],"predecessor-version":[{"id":1838,"href":"https:\/\/diversoclassificados.com\/index.php?rest_route=\/wp\/v2\/posts\/1836\/revisions\/1838"}],"wp:featuredmedia":[{"embeddable":true,"href":"https:\/\/diversoclassificados.com\/index.php?rest_route=\/wp\/v2\/media\/1029"}],"wp:attachment":[{"href":"https:\/\/diversoclassificados.com\/index.php?rest_route=%2Fwp%2Fv2%2Fmedia&parent=1836"}],"wp:term":[{"taxonomy":"category","embeddable":true,"href":"https:\/\/diversoclassificados.com\/index.php?rest_route=%2Fwp%2Fv2%2Fcategories&post=1836"},{"taxonomy":"post_tag","embeddable":true,"href":"https:\/\/diversoclassificados.com\/index.php?rest_route=%2Fwp%2Fv2%2Ftags&post=1836"}],"curies":[{"name":"wp","href":"https:\/\/api.w.org\/{rel}","templated":true}]}}