{"id":1826,"date":"2026-04-30T19:30:15","date_gmt":"2026-04-30T22:30:15","guid":{"rendered":"https:\/\/diversoclassificados.com\/?p=1826"},"modified":"2026-04-30T19:31:40","modified_gmt":"2026-04-30T22:31:40","slug":"cid-moreira-a-voz-que-marcou-geracoes-no-brasil","status":"publish","type":"post","link":"https:\/\/diversoclassificados.com\/?p=1826","title":{"rendered":"Cid Moreira: a voz que marcou gera\u00e7\u00f5es no Brasil"},"content":{"rendered":"\n<p>Cid Moreira: um \u00edcone da comunica\u00e7\u00e3o brasileira<br>Cid Moreira foi um dos mais importantes <strong>locutores<\/strong> e apresentadores da hist\u00f3ria da <strong>televis\u00e3o brasileira<\/strong>. Dono de uma voz grave e inconfund\u00edvel, tornou-se refer\u00eancia de credibilidade e solenidade no jornalismo nacional.<br>Nascido em <strong>29 de setembro de 1927<\/strong>, em Taubat\u00e9 (SP), iniciou sua carreira no r\u00e1dio antes de migrar para a televis\u00e3o. Alcan\u00e7ou proje\u00e7\u00e3o nacional ao se tornar apresentador do Jornal Nacional, da TV Globo, programa que comandou desde sua estreia em 1969 at\u00e9 1996, consolidando o telejornal como o principal do pa\u00eds.<br>Al\u00e9m do jornalismo, destacou-se como narrador, participando de document\u00e1rios e realizando grava\u00e7\u00f5es de grande alcance, como a narra\u00e7\u00e3o da B\u00edblia em \u00e1udio, amplamente difundida no Brasil.<br>Cid Moreira faleceu em <strong>3 de outubro de 2024<\/strong>, aos <strong>97 anos<\/strong>, em <strong>Petr\u00f3polis (RJ)<\/strong>. Seu legado permanece como um marco da comunica\u00e7\u00e3o brasileira, sendo lembrado como uma das vozes mais emblem\u00e1ticas da hist\u00f3ria da televis\u00e3o.<\/p>\n\n\n\n<p><\/p>\n","protected":false},"excerpt":{"rendered":"<p>Cid Moreira: um \u00edcone da comunica\u00e7\u00e3o brasileiraCid Moreira foi um dos mais importantes locutores e apresentadores da hist\u00f3ria da televis\u00e3o brasileira. Dono de uma voz grave e inconfund\u00edvel, tornou-se refer\u00eancia de credibilidade e solenidade no jornalismo nacional.Nascido em 29 de setembro de 1927, em Taubat\u00e9 (SP), iniciou sua carreira no r\u00e1dio antes de migrar para [&hellip;]<\/p>\n","protected":false},"author":1,"featured_media":1634,"comment_status":"open","ping_status":"open","sticky":false,"template":"","format":"standard","meta":{"footnotes":""},"categories":[1],"tags":[],"class_list":["post-1826","post","type-post","status-publish","format-standard","has-post-thumbnail","hentry","category-blog"],"yoast_head":"<!-- This site is optimized with the Yoast SEO plugin v27.5 - https:\/\/yoast.com\/product\/yoast-seo-wordpress\/ -->\n<title>Cid Moreira: a voz que marcou gera\u00e7\u00f5es no Brasil - Diversoclassificados<\/title>\n<meta name=\"robots\" content=\"index, follow, max-snippet:-1, max-image-preview:large, max-video-preview:-1\" \/>\n<link rel=\"canonical\" href=\"https:\/\/diversoclassificados.com\/?p=1826\" \/>\n<meta property=\"og:locale\" content=\"pt_BR\" \/>\n<meta property=\"og:type\" content=\"article\" \/>\n<meta property=\"og:title\" content=\"Cid Moreira: a voz que marcou gera\u00e7\u00f5es no Brasil - Diversoclassificados\" \/>\n<meta property=\"og:description\" content=\"Cid Moreira: um \u00edcone da comunica\u00e7\u00e3o brasileiraCid Moreira foi um dos mais importantes locutores e apresentadores da hist\u00f3ria da televis\u00e3o brasileira. Dono de uma voz grave e inconfund\u00edvel, tornou-se refer\u00eancia de credibilidade e solenidade no jornalismo nacional.Nascido em 29 de setembro de 1927, em Taubat\u00e9 (SP), iniciou sua carreira no r\u00e1dio antes de migrar para [&hellip;]\" \/>\n<meta property=\"og:url\" content=\"https:\/\/diversoclassificados.com\/?p=1826\" \/>\n<meta property=\"og:site_name\" content=\"Diversoclassificados\" \/>\n<meta property=\"article:published_time\" content=\"2026-04-30T22:30:15+00:00\" \/>\n<meta property=\"article:modified_time\" content=\"2026-04-30T22:31:40+00:00\" \/>\n<meta property=\"og:image\" content=\"http:\/\/diversoclassificados.com\/wp-content\/uploads\/2026\/01\/Capturar-1.png\" \/>\n\t<meta property=\"og:image:width\" content=\"745\" \/>\n\t<meta property=\"og:image:height\" content=\"460\" \/>\n\t<meta property=\"og:image:type\" content=\"image\/png\" \/>\n<meta name=\"author\" content=\"Webmaster\" \/>\n<meta name=\"twitter:card\" content=\"summary_large_image\" \/>\n<meta name=\"twitter:label1\" content=\"Escrito por\" \/>\n\t<meta name=\"twitter:data1\" content=\"Webmaster\" \/>\n\t<meta name=\"twitter:label2\" content=\"Est. tempo de leitura\" \/>\n\t<meta name=\"twitter:data2\" content=\"2 minutos\" \/>\n<script type=\"application\/ld+json\" class=\"yoast-schema-graph\">{\"@context\":\"https:\\\/\\\/schema.org\",\"@graph\":[{\"@type\":\"Article\",\"@id\":\"https:\\\/\\\/diversoclassificados.com\\\/?p=1826#article\",\"isPartOf\":{\"@id\":\"https:\\\/\\\/diversoclassificados.com\\\/?p=1826\"},\"author\":{\"name\":\"Webmaster\",\"@id\":\"https:\\\/\\\/diversoclassificados.com\\\/#\\\/schema\\\/person\\\/30c920ced2ba356d433421a17ee88617\"},\"headline\":\"Cid Moreira: a voz que marcou gera\u00e7\u00f5es no Brasil\",\"datePublished\":\"2026-04-30T22:30:15+00:00\",\"dateModified\":\"2026-04-30T22:31:40+00:00\",\"mainEntityOfPage\":{\"@id\":\"https:\\\/\\\/diversoclassificados.com\\\/?p=1826\"},\"wordCount\":174,\"commentCount\":0,\"publisher\":{\"@id\":\"https:\\\/\\\/diversoclassificados.com\\\/#organization\"},\"image\":{\"@id\":\"https:\\\/\\\/diversoclassificados.com\\\/?p=1826#primaryimage\"},\"thumbnailUrl\":\"https:\\\/\\\/diversoclassificados.com\\\/wp-content\\\/uploads\\\/2026\\\/01\\\/Capturar-1.png\",\"articleSection\":[\"Blog\"],\"inLanguage\":\"pt-BR\",\"potentialAction\":[{\"@type\":\"CommentAction\",\"name\":\"Comment\",\"target\":[\"https:\\\/\\\/diversoclassificados.com\\\/?p=1826#respond\"]}]},{\"@type\":\"WebPage\",\"@id\":\"https:\\\/\\\/diversoclassificados.com\\\/?p=1826\",\"url\":\"https:\\\/\\\/diversoclassificados.com\\\/?p=1826\",\"name\":\"Cid Moreira: a voz que marcou gera\u00e7\u00f5es no Brasil - Diversoclassificados\",\"isPartOf\":{\"@id\":\"https:\\\/\\\/diversoclassificados.com\\\/#website\"},\"primaryImageOfPage\":{\"@id\":\"https:\\\/\\\/diversoclassificados.com\\\/?p=1826#primaryimage\"},\"image\":{\"@id\":\"https:\\\/\\\/diversoclassificados.com\\\/?p=1826#primaryimage\"},\"thumbnailUrl\":\"https:\\\/\\\/diversoclassificados.com\\\/wp-content\\\/uploads\\\/2026\\\/01\\\/Capturar-1.png\",\"datePublished\":\"2026-04-30T22:30:15+00:00\",\"dateModified\":\"2026-04-30T22:31:40+00:00\",\"breadcrumb\":{\"@id\":\"https:\\\/\\\/diversoclassificados.com\\\/?p=1826#breadcrumb\"},\"inLanguage\":\"pt-BR\",\"potentialAction\":[{\"@type\":\"ReadAction\",\"target\":[\"https:\\\/\\\/diversoclassificados.com\\\/?p=1826\"]}]},{\"@type\":\"ImageObject\",\"inLanguage\":\"pt-BR\",\"@id\":\"https:\\\/\\\/diversoclassificados.com\\\/?p=1826#primaryimage\",\"url\":\"https:\\\/\\\/diversoclassificados.com\\\/wp-content\\\/uploads\\\/2026\\\/01\\\/Capturar-1.png\",\"contentUrl\":\"https:\\\/\\\/diversoclassificados.com\\\/wp-content\\\/uploads\\\/2026\\\/01\\\/Capturar-1.png\",\"width\":745,\"height\":460},{\"@type\":\"BreadcrumbList\",\"@id\":\"https:\\\/\\\/diversoclassificados.com\\\/?p=1826#breadcrumb\",\"itemListElement\":[{\"@type\":\"ListItem\",\"position\":1,\"name\":\"In\u00edcio\",\"item\":\"https:\\\/\\\/diversoclassificados.com\\\/\"},{\"@type\":\"ListItem\",\"position\":2,\"name\":\"Cid Moreira: a voz que marcou gera\u00e7\u00f5es no Brasil\"}]},{\"@type\":\"WebSite\",\"@id\":\"https:\\\/\\\/diversoclassificados.com\\\/#website\",\"url\":\"https:\\\/\\\/diversoclassificados.com\\\/\",\"name\":\"Diversoclassificados\",\"description\":\"\",\"publisher\":{\"@id\":\"https:\\\/\\\/diversoclassificados.com\\\/#organization\"},\"potentialAction\":[{\"@type\":\"SearchAction\",\"target\":{\"@type\":\"EntryPoint\",\"urlTemplate\":\"https:\\\/\\\/diversoclassificados.com\\\/?s={search_term_string}\"},\"query-input\":{\"@type\":\"PropertyValueSpecification\",\"valueRequired\":true,\"valueName\":\"search_term_string\"}}],\"inLanguage\":\"pt-BR\"},{\"@type\":\"Organization\",\"@id\":\"https:\\\/\\\/diversoclassificados.com\\\/#organization\",\"name\":\"Diversoclassificados\",\"url\":\"https:\\\/\\\/diversoclassificados.com\\\/\",\"logo\":{\"@type\":\"ImageObject\",\"inLanguage\":\"pt-BR\",\"@id\":\"https:\\\/\\\/diversoclassificados.com\\\/#\\\/schema\\\/logo\\\/image\\\/\",\"url\":\"https:\\\/\\\/diversoclassificados.com\\\/wp-content\\\/uploads\\\/2024\\\/07\\\/cropped-3-1.png\",\"contentUrl\":\"https:\\\/\\\/diversoclassificados.com\\\/wp-content\\\/uploads\\\/2024\\\/07\\\/cropped-3-1.png\",\"width\":234,\"height\":100,\"caption\":\"Diversoclassificados\"},\"image\":{\"@id\":\"https:\\\/\\\/diversoclassificados.com\\\/#\\\/schema\\\/logo\\\/image\\\/\"}},{\"@type\":\"Person\",\"@id\":\"https:\\\/\\\/diversoclassificados.com\\\/#\\\/schema\\\/person\\\/30c920ced2ba356d433421a17ee88617\",\"name\":\"Webmaster\",\"image\":{\"@type\":\"ImageObject\",\"inLanguage\":\"pt-BR\",\"@id\":\"https:\\\/\\\/secure.gravatar.com\\\/avatar\\\/a6e6ffbfce7ee468580921a3fc47e00ee8c6ac5cc4debbbf3a34fa95c4df17e3?s=96&d=mm&r=g\",\"url\":\"https:\\\/\\\/secure.gravatar.com\\\/avatar\\\/a6e6ffbfce7ee468580921a3fc47e00ee8c6ac5cc4debbbf3a34fa95c4df17e3?s=96&d=mm&r=g\",\"contentUrl\":\"https:\\\/\\\/secure.gravatar.com\\\/avatar\\\/a6e6ffbfce7ee468580921a3fc47e00ee8c6ac5cc4debbbf3a34fa95c4df17e3?s=96&d=mm&r=g\",\"caption\":\"Webmaster\"},\"sameAs\":[\"http:\\\/\\\/diversoclassificados.com\"],\"url\":\"https:\\\/\\\/diversoclassificados.com\\\/?author=1\"}]}<\/script>\n<!-- \/ Yoast SEO plugin. -->","yoast_head_json":{"title":"Cid Moreira: a voz que marcou gera\u00e7\u00f5es no Brasil - Diversoclassificados","robots":{"index":"index","follow":"follow","max-snippet":"max-snippet:-1","max-image-preview":"max-image-preview:large","max-video-preview":"max-video-preview:-1"},"canonical":"https:\/\/diversoclassificados.com\/?p=1826","og_locale":"pt_BR","og_type":"article","og_title":"Cid Moreira: a voz que marcou gera\u00e7\u00f5es no Brasil - Diversoclassificados","og_description":"Cid Moreira: um \u00edcone da comunica\u00e7\u00e3o brasileiraCid Moreira foi um dos mais importantes locutores e apresentadores da hist\u00f3ria da televis\u00e3o brasileira. Dono de uma voz grave e inconfund\u00edvel, tornou-se refer\u00eancia de credibilidade e solenidade no jornalismo nacional.Nascido em 29 de setembro de 1927, em Taubat\u00e9 (SP), iniciou sua carreira no r\u00e1dio antes de migrar para [&hellip;]","og_url":"https:\/\/diversoclassificados.com\/?p=1826","og_site_name":"Diversoclassificados","article_published_time":"2026-04-30T22:30:15+00:00","article_modified_time":"2026-04-30T22:31:40+00:00","og_image":[{"width":745,"height":460,"url":"http:\/\/diversoclassificados.com\/wp-content\/uploads\/2026\/01\/Capturar-1.png","type":"image\/png"}],"author":"Webmaster","twitter_card":"summary_large_image","twitter_misc":{"Escrito por":"Webmaster","Est. tempo de leitura":"2 minutos"},"schema":{"@context":"https:\/\/schema.org","@graph":[{"@type":"Article","@id":"https:\/\/diversoclassificados.com\/?p=1826#article","isPartOf":{"@id":"https:\/\/diversoclassificados.com\/?p=1826"},"author":{"name":"Webmaster","@id":"https:\/\/diversoclassificados.com\/#\/schema\/person\/30c920ced2ba356d433421a17ee88617"},"headline":"Cid Moreira: a voz que marcou gera\u00e7\u00f5es no Brasil","datePublished":"2026-04-30T22:30:15+00:00","dateModified":"2026-04-30T22:31:40+00:00","mainEntityOfPage":{"@id":"https:\/\/diversoclassificados.com\/?p=1826"},"wordCount":174,"commentCount":0,"publisher":{"@id":"https:\/\/diversoclassificados.com\/#organization"},"image":{"@id":"https:\/\/diversoclassificados.com\/?p=1826#primaryimage"},"thumbnailUrl":"https:\/\/diversoclassificados.com\/wp-content\/uploads\/2026\/01\/Capturar-1.png","articleSection":["Blog"],"inLanguage":"pt-BR","potentialAction":[{"@type":"CommentAction","name":"Comment","target":["https:\/\/diversoclassificados.com\/?p=1826#respond"]}]},{"@type":"WebPage","@id":"https:\/\/diversoclassificados.com\/?p=1826","url":"https:\/\/diversoclassificados.com\/?p=1826","name":"Cid Moreira: a voz que marcou gera\u00e7\u00f5es no Brasil - Diversoclassificados","isPartOf":{"@id":"https:\/\/diversoclassificados.com\/#website"},"primaryImageOfPage":{"@id":"https:\/\/diversoclassificados.com\/?p=1826#primaryimage"},"image":{"@id":"https:\/\/diversoclassificados.com\/?p=1826#primaryimage"},"thumbnailUrl":"https:\/\/diversoclassificados.com\/wp-content\/uploads\/2026\/01\/Capturar-1.png","datePublished":"2026-04-30T22:30:15+00:00","dateModified":"2026-04-30T22:31:40+00:00","breadcrumb":{"@id":"https:\/\/diversoclassificados.com\/?p=1826#breadcrumb"},"inLanguage":"pt-BR","potentialAction":[{"@type":"ReadAction","target":["https:\/\/diversoclassificados.com\/?p=1826"]}]},{"@type":"ImageObject","inLanguage":"pt-BR","@id":"https:\/\/diversoclassificados.com\/?p=1826#primaryimage","url":"https:\/\/diversoclassificados.com\/wp-content\/uploads\/2026\/01\/Capturar-1.png","contentUrl":"https:\/\/diversoclassificados.com\/wp-content\/uploads\/2026\/01\/Capturar-1.png","width":745,"height":460},{"@type":"BreadcrumbList","@id":"https:\/\/diversoclassificados.com\/?p=1826#breadcrumb","itemListElement":[{"@type":"ListItem","position":1,"name":"In\u00edcio","item":"https:\/\/diversoclassificados.com\/"},{"@type":"ListItem","position":2,"name":"Cid Moreira: a voz que marcou gera\u00e7\u00f5es no Brasil"}]},{"@type":"WebSite","@id":"https:\/\/diversoclassificados.com\/#website","url":"https:\/\/diversoclassificados.com\/","name":"Diversoclassificados","description":"","publisher":{"@id":"https:\/\/diversoclassificados.com\/#organization"},"potentialAction":[{"@type":"SearchAction","target":{"@type":"EntryPoint","urlTemplate":"https:\/\/diversoclassificados.com\/?s={search_term_string}"},"query-input":{"@type":"PropertyValueSpecification","valueRequired":true,"valueName":"search_term_string"}}],"inLanguage":"pt-BR"},{"@type":"Organization","@id":"https:\/\/diversoclassificados.com\/#organization","name":"Diversoclassificados","url":"https:\/\/diversoclassificados.com\/","logo":{"@type":"ImageObject","inLanguage":"pt-BR","@id":"https:\/\/diversoclassificados.com\/#\/schema\/logo\/image\/","url":"https:\/\/diversoclassificados.com\/wp-content\/uploads\/2024\/07\/cropped-3-1.png","contentUrl":"https:\/\/diversoclassificados.com\/wp-content\/uploads\/2024\/07\/cropped-3-1.png","width":234,"height":100,"caption":"Diversoclassificados"},"image":{"@id":"https:\/\/diversoclassificados.com\/#\/schema\/logo\/image\/"}},{"@type":"Person","@id":"https:\/\/diversoclassificados.com\/#\/schema\/person\/30c920ced2ba356d433421a17ee88617","name":"Webmaster","image":{"@type":"ImageObject","inLanguage":"pt-BR","@id":"https:\/\/secure.gravatar.com\/avatar\/a6e6ffbfce7ee468580921a3fc47e00ee8c6ac5cc4debbbf3a34fa95c4df17e3?s=96&d=mm&r=g","url":"https:\/\/secure.gravatar.com\/avatar\/a6e6ffbfce7ee468580921a3fc47e00ee8c6ac5cc4debbbf3a34fa95c4df17e3?s=96&d=mm&r=g","contentUrl":"https:\/\/secure.gravatar.com\/avatar\/a6e6ffbfce7ee468580921a3fc47e00ee8c6ac5cc4debbbf3a34fa95c4df17e3?s=96&d=mm&r=g","caption":"Webmaster"},"sameAs":["http:\/\/diversoclassificados.com"],"url":"https:\/\/diversoclassificados.com\/?author=1"}]}},"_links":{"self":[{"href":"https:\/\/diversoclassificados.com\/index.php?rest_route=\/wp\/v2\/posts\/1826","targetHints":{"allow":["GET"]}}],"collection":[{"href":"https:\/\/diversoclassificados.com\/index.php?rest_route=\/wp\/v2\/posts"}],"about":[{"href":"https:\/\/diversoclassificados.com\/index.php?rest_route=\/wp\/v2\/types\/post"}],"author":[{"embeddable":true,"href":"https:\/\/diversoclassificados.com\/index.php?rest_route=\/wp\/v2\/users\/1"}],"replies":[{"embeddable":true,"href":"https:\/\/diversoclassificados.com\/index.php?rest_route=%2Fwp%2Fv2%2Fcomments&post=1826"}],"version-history":[{"count":2,"href":"https:\/\/diversoclassificados.com\/index.php?rest_route=\/wp\/v2\/posts\/1826\/revisions"}],"predecessor-version":[{"id":1828,"href":"https:\/\/diversoclassificados.com\/index.php?rest_route=\/wp\/v2\/posts\/1826\/revisions\/1828"}],"wp:featuredmedia":[{"embeddable":true,"href":"https:\/\/diversoclassificados.com\/index.php?rest_route=\/wp\/v2\/media\/1634"}],"wp:attachment":[{"href":"https:\/\/diversoclassificados.com\/index.php?rest_route=%2Fwp%2Fv2%2Fmedia&parent=1826"}],"wp:term":[{"taxonomy":"category","embeddable":true,"href":"https:\/\/diversoclassificados.com\/index.php?rest_route=%2Fwp%2Fv2%2Fcategories&post=1826"},{"taxonomy":"post_tag","embeddable":true,"href":"https:\/\/diversoclassificados.com\/index.php?rest_route=%2Fwp%2Fv2%2Ftags&post=1826"}],"curies":[{"name":"wp","href":"https:\/\/api.w.org\/{rel}","templated":true}]}}